{"id":8874,"date":"2023-03-10T16:38:52","date_gmt":"2023-03-10T20:38:52","guid":{"rendered":"https:\/\/www.alcinopolis.ms.gov.br\/site\/?p=8874"},"modified":"2023-03-10T16:42:11","modified_gmt":"2023-03-10T20:42:11","slug":"dia-de-campo-integracao-lavoura-pecuaria-atrai-produtores-rurais-de-varias-cidades","status":"publish","type":"post","link":"https:\/\/www.alcinopolis.ms.gov.br\/site\/dia-de-campo-integracao-lavoura-pecuaria-atrai-produtores-rurais-de-varias-cidades\/","title":{"rendered":"Dia de Campo Integra\u00e7\u00e3o Lavoura-pecu\u00e1ria atrai produtores rurais de v\u00e1rias cidades"},"content":{"rendered":"\n<p>Nesta manh\u00e3 (10\/03) a Secretaria de Desenvolvimento, atrav\u00e9s da Prefeitura de Alcin\u00f3polis e a Desafios Agro realizaram Dia de Campo Integra\u00e7\u00e3o Lavoura-Pecu\u00e1ria.<\/p>\n\n\n\n<p>A integra\u00e7\u00e3o lavoura-pecu\u00e1ria vem trazendo novidades sobre o plantio de soja na parte baixa do munic\u00edpio, onde hoje a atividade econ\u00f4mica gira em torno quase que exclusivamente da pecu\u00e1ria. &nbsp;A integra\u00e7\u00e3o surge como uma oportunidade de produ\u00e7\u00e3o e renda para o produtor rural.<\/p>\n\n\n\n<p>De acordo com a Embrapa a ILP \u00e9 uma excelente alternativa para a recupera\u00e7\u00e3o de \u00e1reas degradadas, por meio da intensifica\u00e7\u00e3o do uso da terra, pois potencializa os efeitos sin\u00e9rgicos existentes entre as diversas esp\u00e9cies vegetais, proporcionando, de forma sustent\u00e1vel, maior produ\u00e7\u00e3o por \u00e1rea. Esse sistema otimiza o uso do solo, com a produ\u00e7\u00e3o de gr\u00e3os em \u00e1reas de pastagens, e melhora a produtividade das pastagens em decorr\u00eancia de sua renova\u00e7\u00e3o pelo aproveitamento da aduba\u00e7\u00e3o residual da lavoura, possibilitando maior ciclagem de nutrientes e o incremento da mat\u00e9ria org\u00e2nica do solo.<\/p>\n\n\n\n<p>O projeto ILP foi iniciado em 2019 em nosso munic\u00edpio e vem trazendo resultados positivos e superando as expectativas, deixando marcado de vez a aptid\u00e3o de Alcin\u00f3polis para o plantio da soja, al\u00e9m do que j\u00e1 conhecemos na regi\u00e3o alta do Taquari. O projeto j\u00e1 gera altas expectativas e a certeza de que novos tempos para o agro de Alcin\u00f3polis j\u00e1 come\u00e7ou.<\/p>\n\n\n\n<p>O prefeito Dalmy Cris\u00f3stomo agradeceu a presen\u00e7a de todos, e disse que esse projeto \u00e9 muito importante para trazer o desenvolvimento para nosso munic\u00edpio e vem para agregar a pecu\u00e1ria, que hoje \u00e9 refer\u00eancia em qualidade no Brasil. Para finalizar Dalmy falou para os produtores que tem interesse em iniciar a ILP em sua propriedade, que invistam sem medo, pois a prefeitura estar\u00e1 \u00e0 disposi\u00e7\u00e3o, principalmente no que diz respeito a estradas, infraestruturas, para que estes produtores n\u00e3o tenham problemas com log\u00edsticas.<\/p>\n\n\n\n<p>Os participantes puderam aprender sobre \u00e9poca para plantio, adequa\u00e7\u00e3o de \u00e1rea, recupera\u00e7\u00e3o de pastagens, manejo de nematoides na cultura de soja e integra\u00e7\u00e3o lavoura-pecu\u00e1ria, com os palestrantes Rafael da Costa Leite e Thays Pereira e fizeram um tour pelo campo experimental, onde puderam ver de perto o desenvolvimento de 56 cultivares de soja.<\/p>\n\n\n\n<p>Estiveram prestigiando o evento:<\/p>\n\n\n\n<p>Produtores Rurais;<\/p>\n\n\n\n<p>Prefeito: Dalmy Cris\u00f3stomo da Silva;<\/p>\n\n\n\n<p>Secret\u00e1rio de Desenvolvimento: Nahur Tito;<\/p>\n\n\n\n<p>Presidente da Desafios Agro: Edson Pereira Borges;<\/p>\n\n\n\n<p>S\u00f3cio propriet\u00e1rio Desafios Agro: Rafael da Costa Leite;<\/p>\n\n\n\n<p>Assessores Senador Nelsinho Trad: Bruno Lemes e Elionei Paulo da Silva;<\/p>\n\n\n\n<p>Secret\u00e1rio de Educa\u00e7\u00e3o: Jesus Aparecido<\/p>\n\n\n\n<p>Secret\u00e1rio de Obras: Fernando Nicoletti;<\/p>\n\n\n\n<p>Vereadores: Ademir M\u00fcller, Evaldo Furtado e Paula do Edivaldinho;<\/p>\n\n\n\n<p>Gerente Sicredi: Valqu\u00edria Deonizio;<\/p>\n\n\n\n<p>Gerente Banco do Brasil: Wilks Gomes;<\/p>\n\n\n\n<p>Vice-presidente Sindicato Rural: Adevaldo Furquim;<\/p>\n\n\n\n<p>Engenheira Agr\u00f4noma Desafios Agro: Dr\u00aa Thays Pereira;<\/p>\n\n\n\n<p>Secret\u00e1rio de Agricultura de Costa Rica: Fernando Barbosa Martins;<\/p>\n\n\n\n<p>Secret\u00e1rio de Desenvolvimento de Aparecida do Taboado: F\u00e1timo Dias;<\/p>\n\n\n\n<p>Assessora de Comunica\u00e7\u00e3o Costa Rica: Larissa Costa;<\/p>\n\n\n\n<p>Secret\u00e1rio de Desenvolvimento de Camapu\u00e3: Ant\u00f4nio Giovani Diniz;<\/p>\n\n\n\n<p>Representantes comerciais: CAMDA, Agro \u00d3leo, Rede 2 CR, Coplacana;<\/p>\n\n\n\n<p>Imprensa: Regional MS, Correio News e JVC Produtora.<\/p>\n\n\n\n<p>Fonte\/Fotos: Assecom\/Prefeitura de<br>Alcin\u00f3polis\/Simone Nogueira<\/p>\n\n\n\n<figure class=\"wp-block-image size-large\"><img loading=\"lazy\" decoding=\"async\" width=\"1024\" height=\"683\" src=\"https:\/\/www.alcinopolis.ms.gov.br\/site\/wp-content\/uploads\/2023\/03\/Fotos-Simone-Nogueira-62-1024x683.png\" alt=\"\" class=\"wp-image-8875\" srcset=\"https:\/\/www.alcinopolis.ms.gov.br\/site\/wp-content\/uploads\/2023\/03\/Fotos-Simone-Nogueira-62-1024x683.png 1024w, https:\/\/www.alcinopolis.ms.gov.br\/site\/wp-content\/uploads\/2023\/03\/Fotos-Simone-Nogueira-62-300x200.png 300w, https:\/\/www.alcinopolis.ms.gov.br\/site\/wp-content\/uploads\/2023\/03\/Fotos-Simone-Nogueira-62-768x512.png 768w, https:\/\/www.alcinopolis.ms.gov.br\/site\/wp-content\/uploads\/2023\/03\/Fotos-Simone-Nogueira-62-1536x1024.png 1536w, https:\/\/www.alcinopolis.ms.gov.br\/site\/wp-content\/uploads\/2023\/03\/Fotos-Simone-Nogueira-62.png 2048w\" sizes=\"auto, (max-width: 1024px) 100vw, 1024px\" \/><\/figure>\n\n\n\n<figure class=\"wp-block-image size-large\"><img loading=\"lazy\" decoding=\"async\" width=\"1024\" height=\"683\" src=\"https:\/\/www.alcinopolis.ms.gov.br\/site\/wp-content\/uploads\/2023\/03\/Fotos-Simone-Nogueira-69-1024x683.png\" alt=\"\" class=\"wp-image-8876\" srcset=\"https:\/\/www.alcinopolis.ms.gov.br\/site\/wp-content\/uploads\/2023\/03\/Fotos-Simone-Nogueira-69-1024x683.png 1024w, https:\/\/www.alcinopolis.ms.gov.br\/site\/wp-content\/uploads\/2023\/03\/Fotos-Simone-Nogueira-69-300x200.png 300w, https:\/\/www.alcinopolis.ms.gov.br\/site\/wp-content\/uploads\/2023\/03\/Fotos-Simone-Nogueira-69-768x512.png 768w, https:\/\/www.alcinopolis.ms.gov.br\/site\/wp-content\/uploads\/2023\/03\/Fotos-Simone-Nogueira-69-1536x1024.png 1536w, https:\/\/www.alcinopolis.ms.gov.br\/site\/wp-content\/uploads\/2023\/03\/Fotos-Simone-Nogueira-69.png 2048w\" sizes=\"auto, (max-width: 1024px) 100vw, 1024px\" \/><\/figure>\n\n\n\n<figure class=\"wp-block-image size-large\"><img loading=\"lazy\" decoding=\"async\" width=\"1024\" height=\"683\" src=\"https:\/\/www.alcinopolis.ms.gov.br\/site\/wp-content\/uploads\/2023\/03\/Fotos-Simone-Nogueira-84-1024x683.png\" alt=\"\" class=\"wp-image-8877\" srcset=\"https:\/\/www.alcinopolis.ms.gov.br\/site\/wp-content\/uploads\/2023\/03\/Fotos-Simone-Nogueira-84-1024x683.png 1024w, https:\/\/www.alcinopolis.ms.gov.br\/site\/wp-content\/uploads\/2023\/03\/Fotos-Simone-Nogueira-84-300x200.png 300w, https:\/\/www.alcinopolis.ms.gov.br\/site\/wp-content\/uploads\/2023\/03\/Fotos-Simone-Nogueira-84-768x512.png 768w, https:\/\/www.alcinopolis.ms.gov.br\/site\/wp-content\/uploads\/2023\/03\/Fotos-Simone-Nogueira-84-1536x1024.png 1536w, https:\/\/www.alcinopolis.ms.gov.br\/site\/wp-content\/uploads\/2023\/03\/Fotos-Simone-Nogueira-84.png 2048w\" sizes=\"auto, (max-width: 1024px) 100vw, 1024px\" \/><\/figure>\n\n\n\n<figure class=\"wp-block-image size-large\"><img loading=\"lazy\" decoding=\"async\" width=\"1024\" height=\"683\" src=\"https:\/\/www.alcinopolis.ms.gov.br\/site\/wp-content\/uploads\/2023\/03\/Fotos-Simone-Nogueira-86-1024x683.png\" alt=\"\" class=\"wp-image-8878\" srcset=\"https:\/\/www.alcinopolis.ms.gov.br\/site\/wp-content\/uploads\/2023\/03\/Fotos-Simone-Nogueira-86-1024x683.png 1024w, https:\/\/www.alcinopolis.ms.gov.br\/site\/wp-content\/uploads\/2023\/03\/Fotos-Simone-Nogueira-86-300x200.png 300w, https:\/\/www.alcinopolis.ms.gov.br\/site\/wp-content\/uploads\/2023\/03\/Fotos-Simone-Nogueira-86-768x512.png 768w, https:\/\/www.alcinopolis.ms.gov.br\/site\/wp-content\/uploads\/2023\/03\/Fotos-Simone-Nogueira-86-1536x1024.png 1536w, https:\/\/www.alcinopolis.ms.gov.br\/site\/wp-content\/uploads\/2023\/03\/Fotos-Simone-Nogueira-86.png 2048w\" sizes=\"auto, (max-width: 1024px) 100vw, 1024px\" \/><\/figure>\n\n\n\n<figure class=\"wp-block-image size-large\"><img loading=\"lazy\" decoding=\"async\" width=\"1024\" height=\"683\" src=\"https:\/\/www.alcinopolis.ms.gov.br\/site\/wp-content\/uploads\/2023\/03\/Fotos-Simone-Nogueira-80-1024x683.png\" alt=\"\" class=\"wp-image-8879\" srcset=\"https:\/\/www.alcinopolis.ms.gov.br\/site\/wp-content\/uploads\/2023\/03\/Fotos-Simone-Nogueira-80-1024x683.png 1024w, https:\/\/www.alcinopolis.ms.gov.br\/site\/wp-content\/uploads\/2023\/03\/Fotos-Simone-Nogueira-80-300x200.png 300w, https:\/\/www.alcinopolis.ms.gov.br\/site\/wp-content\/uploads\/2023\/03\/Fotos-Simone-Nogueira-80-768x512.png 768w, https:\/\/www.alcinopolis.ms.gov.br\/site\/wp-content\/uploads\/2023\/03\/Fotos-Simone-Nogueira-80-1536x1024.png 1536w, https:\/\/www.alcinopolis.ms.gov.br\/site\/wp-content\/uploads\/2023\/03\/Fotos-Simone-Nogueira-80.png 2048w\" sizes=\"auto, (max-width: 1024px) 100vw, 1024px\" \/><\/figure>\n","protected":false},"excerpt":{"rendered":"<p>Nesta manh\u00e3 (10\/03) a Secretaria de Desenvolvimento, atrav\u00e9s da Prefeitura de Alcin\u00f3polis e a Desafios Agro realizaram Dia de Campo Integra\u00e7\u00e3o Lavoura-Pecu\u00e1ria. A integra\u00e7\u00e3o lavoura-pecu\u00e1ria vem trazendo novidades sobre o [&hellip;]<\/p>\n","protected":false},"author":8,"featured_media":8881,"comment_status":"open","ping_status":"open","sticky":false,"template":"","format":"standard","meta":{"_acf_changed":false,"footnotes":""},"categories":[17],"tags":[],"class_list":["post-8874","post","type-post","status-publish","format-standard","has-post-thumbnail","hentry","category-destaque"],"acf":[],"yoast_head":"<!-- This site is optimized with the Yoast SEO plugin v27.2 - https:\/\/yoast.com\/product\/yoast-seo-wordpress\/ -->\n<title>Dia de Campo Integra\u00e7\u00e3o Lavoura-pecu\u00e1ria atrai produtores rurais de v\u00e1rias cidades - Prefeitura Municipal de Alcin\u00f3polis<\/title>\n<meta name=\"robots\" content=\"index, follow, max-snippet:-1, max-image-preview:large, max-video-preview:-1\" \/>\n<link rel=\"canonical\" href=\"https:\/\/www.alcinopolis.ms.gov.br\/site\/dia-de-campo-integracao-lavoura-pecuaria-atrai-produtores-rurais-de-varias-cidades\/\" \/>\n<meta property=\"og:locale\" content=\"pt_BR\" \/>\n<meta property=\"og:type\" content=\"article\" \/>\n<meta property=\"og:title\" content=\"Dia de Campo Integra\u00e7\u00e3o Lavoura-pecu\u00e1ria atrai produtores rurais de v\u00e1rias cidades - Prefeitura Municipal de Alcin\u00f3polis\" \/>\n<meta property=\"og:description\" content=\"Nesta manh\u00e3 (10\/03) a Secretaria de Desenvolvimento, atrav\u00e9s da Prefeitura de Alcin\u00f3polis e a Desafios Agro realizaram Dia de Campo Integra\u00e7\u00e3o Lavoura-Pecu\u00e1ria. A integra\u00e7\u00e3o lavoura-pecu\u00e1ria vem trazendo novidades sobre o [&hellip;]\" \/>\n<meta property=\"og:url\" content=\"https:\/\/www.alcinopolis.ms.gov.br\/site\/dia-de-campo-integracao-lavoura-pecuaria-atrai-produtores-rurais-de-varias-cidades\/\" \/>\n<meta property=\"og:site_name\" content=\"Prefeitura Municipal de Alcin\u00f3polis\" \/>\n<meta property=\"article:published_time\" content=\"2023-03-10T20:38:52+00:00\" \/>\n<meta property=\"article:modified_time\" content=\"2023-03-10T20:42:11+00:00\" \/>\n<meta property=\"og:image\" content=\"https:\/\/www.alcinopolis.ms.gov.br\/site\/wp-content\/uploads\/2023\/03\/Fotos-Simone-Nogueira-80.jpg\" \/>\n\t<meta property=\"og:image:width\" content=\"731\" \/>\n\t<meta property=\"og:image:height\" content=\"487\" \/>\n\t<meta property=\"og:image:type\" content=\"image\/jpeg\" \/>\n<meta name=\"author\" content=\"Prefeitura Municipal de Alcin\u00f3polis\" \/>\n<meta name=\"twitter:card\" content=\"summary_large_image\" \/>\n<meta name=\"twitter:label1\" content=\"Escrito por\" \/>\n\t<meta name=\"twitter:data1\" content=\"Prefeitura Municipal de Alcin\u00f3polis\" \/>\n\t<meta name=\"twitter:label2\" content=\"Est. tempo de leitura\" \/>\n\t<meta name=\"twitter:data2\" content=\"4 minutos\" \/>\n<script type=\"application\/ld+json\" class=\"yoast-schema-graph\">{\"@context\":\"https:\/\/schema.org\",\"@graph\":[{\"@type\":\"Article\",\"@id\":\"https:\/\/www.alcinopolis.ms.gov.br\/site\/dia-de-campo-integracao-lavoura-pecuaria-atrai-produtores-rurais-de-varias-cidades\/#article\",\"isPartOf\":{\"@id\":\"https:\/\/www.alcinopolis.ms.gov.br\/site\/dia-de-campo-integracao-lavoura-pecuaria-atrai-produtores-rurais-de-varias-cidades\/\"},\"author\":{\"name\":\"Prefeitura Municipal de Alcin\u00f3polis\",\"@id\":\"https:\/\/www.alcinopolis.ms.gov.br\/site\/#\/schema\/person\/f8a514dabf22ee16dd7f2585cc1b942b\"},\"headline\":\"Dia de Campo Integra\u00e7\u00e3o Lavoura-pecu\u00e1ria atrai produtores rurais de v\u00e1rias cidades\",\"datePublished\":\"2023-03-10T20:38:52+00:00\",\"dateModified\":\"2023-03-10T20:42:11+00:00\",\"mainEntityOfPage\":{\"@id\":\"https:\/\/www.alcinopolis.ms.gov.br\/site\/dia-de-campo-integracao-lavoura-pecuaria-atrai-produtores-rurais-de-varias-cidades\/\"},\"wordCount\":560,\"commentCount\":0,\"image\":{\"@id\":\"https:\/\/www.alcinopolis.ms.gov.br\/site\/dia-de-campo-integracao-lavoura-pecuaria-atrai-produtores-rurais-de-varias-cidades\/#primaryimage\"},\"thumbnailUrl\":\"https:\/\/www.alcinopolis.ms.gov.br\/site\/wp-content\/uploads\/2023\/03\/Fotos-Simone-Nogueira-80.jpg\",\"articleSection\":[\"Destaque\"],\"inLanguage\":\"pt-BR\",\"potentialAction\":[{\"@type\":\"CommentAction\",\"name\":\"Comment\",\"target\":[\"https:\/\/www.alcinopolis.ms.gov.br\/site\/dia-de-campo-integracao-lavoura-pecuaria-atrai-produtores-rurais-de-varias-cidades\/#respond\"]}]},{\"@type\":\"WebPage\",\"@id\":\"https:\/\/www.alcinopolis.ms.gov.br\/site\/dia-de-campo-integracao-lavoura-pecuaria-atrai-produtores-rurais-de-varias-cidades\/\",\"url\":\"https:\/\/www.alcinopolis.ms.gov.br\/site\/dia-de-campo-integracao-lavoura-pecuaria-atrai-produtores-rurais-de-varias-cidades\/\",\"name\":\"Dia de Campo Integra\u00e7\u00e3o Lavoura-pecu\u00e1ria atrai produtores rurais de v\u00e1rias cidades - Prefeitura Municipal de Alcin\u00f3polis\",\"isPartOf\":{\"@id\":\"https:\/\/www.alcinopolis.ms.gov.br\/site\/#website\"},\"primaryImageOfPage\":{\"@id\":\"https:\/\/www.alcinopolis.ms.gov.br\/site\/dia-de-campo-integracao-lavoura-pecuaria-atrai-produtores-rurais-de-varias-cidades\/#primaryimage\"},\"image\":{\"@id\":\"https:\/\/www.alcinopolis.ms.gov.br\/site\/dia-de-campo-integracao-lavoura-pecuaria-atrai-produtores-rurais-de-varias-cidades\/#primaryimage\"},\"thumbnailUrl\":\"https:\/\/www.alcinopolis.ms.gov.br\/site\/wp-content\/uploads\/2023\/03\/Fotos-Simone-Nogueira-80.jpg\",\"datePublished\":\"2023-03-10T20:38:52+00:00\",\"dateModified\":\"2023-03-10T20:42:11+00:00\",\"author\":{\"@id\":\"https:\/\/www.alcinopolis.ms.gov.br\/site\/#\/schema\/person\/f8a514dabf22ee16dd7f2585cc1b942b\"},\"breadcrumb\":{\"@id\":\"https:\/\/www.alcinopolis.ms.gov.br\/site\/dia-de-campo-integracao-lavoura-pecuaria-atrai-produtores-rurais-de-varias-cidades\/#breadcrumb\"},\"inLanguage\":\"pt-BR\",\"potentialAction\":[{\"@type\":\"ReadAction\",\"target\":[\"https:\/\/www.alcinopolis.ms.gov.br\/site\/dia-de-campo-integracao-lavoura-pecuaria-atrai-produtores-rurais-de-varias-cidades\/\"]}]},{\"@type\":\"ImageObject\",\"inLanguage\":\"pt-BR\",\"@id\":\"https:\/\/www.alcinopolis.ms.gov.br\/site\/dia-de-campo-integracao-lavoura-pecuaria-atrai-produtores-rurais-de-varias-cidades\/#primaryimage\",\"url\":\"https:\/\/www.alcinopolis.ms.gov.br\/site\/wp-content\/uploads\/2023\/03\/Fotos-Simone-Nogueira-80.jpg\",\"contentUrl\":\"https:\/\/www.alcinopolis.ms.gov.br\/site\/wp-content\/uploads\/2023\/03\/Fotos-Simone-Nogueira-80.jpg\",\"width\":731,\"height\":487},{\"@type\":\"BreadcrumbList\",\"@id\":\"https:\/\/www.alcinopolis.ms.gov.br\/site\/dia-de-campo-integracao-lavoura-pecuaria-atrai-produtores-rurais-de-varias-cidades\/#breadcrumb\",\"itemListElement\":[{\"@type\":\"ListItem\",\"position\":1,\"name\":\"In\u00edcio\",\"item\":\"https:\/\/www.alcinopolis.ms.gov.br\/site\/\"},{\"@type\":\"ListItem\",\"position\":2,\"name\":\"Dia de Campo Integra\u00e7\u00e3o Lavoura-pecu\u00e1ria atrai produtores rurais de v\u00e1rias cidades\"}]},{\"@type\":\"WebSite\",\"@id\":\"https:\/\/www.alcinopolis.ms.gov.br\/site\/#website\",\"url\":\"https:\/\/www.alcinopolis.ms.gov.br\/site\/\",\"name\":\"Prefeitura Municipal de Alcin\u00f3polis\",\"description\":\"\",\"potentialAction\":[{\"@type\":\"SearchAction\",\"target\":{\"@type\":\"EntryPoint\",\"urlTemplate\":\"https:\/\/www.alcinopolis.ms.gov.br\/site\/?s={search_term_string}\"},\"query-input\":{\"@type\":\"PropertyValueSpecification\",\"valueRequired\":true,\"valueName\":\"search_term_string\"}}],\"inLanguage\":\"pt-BR\"},{\"@type\":\"Person\",\"@id\":\"https:\/\/www.alcinopolis.ms.gov.br\/site\/#\/schema\/person\/f8a514dabf22ee16dd7f2585cc1b942b\",\"name\":\"Prefeitura Municipal de Alcin\u00f3polis\",\"image\":{\"@type\":\"ImageObject\",\"inLanguage\":\"pt-BR\",\"@id\":\"https:\/\/secure.gravatar.com\/avatar\/836e5a2475a3ed3d9f202f3e04d4564ec0a5445308c365f7e7f445f83a122282?s=96&d=mm&r=g\",\"url\":\"https:\/\/secure.gravatar.com\/avatar\/836e5a2475a3ed3d9f202f3e04d4564ec0a5445308c365f7e7f445f83a122282?s=96&d=mm&r=g\",\"contentUrl\":\"https:\/\/secure.gravatar.com\/avatar\/836e5a2475a3ed3d9f202f3e04d4564ec0a5445308c365f7e7f445f83a122282?s=96&d=mm&r=g\",\"caption\":\"Prefeitura Municipal de Alcin\u00f3polis\"},\"url\":\"https:\/\/www.alcinopolis.ms.gov.br\/site\/author\/pma\/\"}]}<\/script>\n<!-- \/ Yoast SEO plugin. -->","yoast_head_json":{"title":"Dia de Campo Integra\u00e7\u00e3o Lavoura-pecu\u00e1ria atrai produtores rurais de v\u00e1rias cidades - Prefeitura Municipal de Alcin\u00f3polis","robots":{"index":"index","follow":"follow","max-snippet":"max-snippet:-1","max-image-preview":"max-image-preview:large","max-video-preview":"max-video-preview:-1"},"canonical":"https:\/\/www.alcinopolis.ms.gov.br\/site\/dia-de-campo-integracao-lavoura-pecuaria-atrai-produtores-rurais-de-varias-cidades\/","og_locale":"pt_BR","og_type":"article","og_title":"Dia de Campo Integra\u00e7\u00e3o Lavoura-pecu\u00e1ria atrai produtores rurais de v\u00e1rias cidades - Prefeitura Municipal de Alcin\u00f3polis","og_description":"Nesta manh\u00e3 (10\/03) a Secretaria de Desenvolvimento, atrav\u00e9s da Prefeitura de Alcin\u00f3polis e a Desafios Agro realizaram Dia de Campo Integra\u00e7\u00e3o Lavoura-Pecu\u00e1ria. A integra\u00e7\u00e3o lavoura-pecu\u00e1ria vem trazendo novidades sobre o [&hellip;]","og_url":"https:\/\/www.alcinopolis.ms.gov.br\/site\/dia-de-campo-integracao-lavoura-pecuaria-atrai-produtores-rurais-de-varias-cidades\/","og_site_name":"Prefeitura Municipal de Alcin\u00f3polis","article_published_time":"2023-03-10T20:38:52+00:00","article_modified_time":"2023-03-10T20:42:11+00:00","og_image":[{"width":731,"height":487,"url":"https:\/\/www.alcinopolis.ms.gov.br\/site\/wp-content\/uploads\/2023\/03\/Fotos-Simone-Nogueira-80.jpg","type":"image\/jpeg"}],"author":"Prefeitura Municipal de Alcin\u00f3polis","twitter_card":"summary_large_image","twitter_misc":{"Escrito por":"Prefeitura Municipal de Alcin\u00f3polis","Est. tempo de leitura":"4 minutos"},"schema":{"@context":"https:\/\/schema.org","@graph":[{"@type":"Article","@id":"https:\/\/www.alcinopolis.ms.gov.br\/site\/dia-de-campo-integracao-lavoura-pecuaria-atrai-produtores-rurais-de-varias-cidades\/#article","isPartOf":{"@id":"https:\/\/www.alcinopolis.ms.gov.br\/site\/dia-de-campo-integracao-lavoura-pecuaria-atrai-produtores-rurais-de-varias-cidades\/"},"author":{"name":"Prefeitura Municipal de Alcin\u00f3polis","@id":"https:\/\/www.alcinopolis.ms.gov.br\/site\/#\/schema\/person\/f8a514dabf22ee16dd7f2585cc1b942b"},"headline":"Dia de Campo Integra\u00e7\u00e3o Lavoura-pecu\u00e1ria atrai produtores rurais de v\u00e1rias cidades","datePublished":"2023-03-10T20:38:52+00:00","dateModified":"2023-03-10T20:42:11+00:00","mainEntityOfPage":{"@id":"https:\/\/www.alcinopolis.ms.gov.br\/site\/dia-de-campo-integracao-lavoura-pecuaria-atrai-produtores-rurais-de-varias-cidades\/"},"wordCount":560,"commentCount":0,"image":{"@id":"https:\/\/www.alcinopolis.ms.gov.br\/site\/dia-de-campo-integracao-lavoura-pecuaria-atrai-produtores-rurais-de-varias-cidades\/#primaryimage"},"thumbnailUrl":"https:\/\/www.alcinopolis.ms.gov.br\/site\/wp-content\/uploads\/2023\/03\/Fotos-Simone-Nogueira-80.jpg","articleSection":["Destaque"],"inLanguage":"pt-BR","potentialAction":[{"@type":"CommentAction","name":"Comment","target":["https:\/\/www.alcinopolis.ms.gov.br\/site\/dia-de-campo-integracao-lavoura-pecuaria-atrai-produtores-rurais-de-varias-cidades\/#respond"]}]},{"@type":"WebPage","@id":"https:\/\/www.alcinopolis.ms.gov.br\/site\/dia-de-campo-integracao-lavoura-pecuaria-atrai-produtores-rurais-de-varias-cidades\/","url":"https:\/\/www.alcinopolis.ms.gov.br\/site\/dia-de-campo-integracao-lavoura-pecuaria-atrai-produtores-rurais-de-varias-cidades\/","name":"Dia de Campo Integra\u00e7\u00e3o Lavoura-pecu\u00e1ria atrai produtores rurais de v\u00e1rias cidades - Prefeitura Municipal de Alcin\u00f3polis","isPartOf":{"@id":"https:\/\/www.alcinopolis.ms.gov.br\/site\/#website"},"primaryImageOfPage":{"@id":"https:\/\/www.alcinopolis.ms.gov.br\/site\/dia-de-campo-integracao-lavoura-pecuaria-atrai-produtores-rurais-de-varias-cidades\/#primaryimage"},"image":{"@id":"https:\/\/www.alcinopolis.ms.gov.br\/site\/dia-de-campo-integracao-lavoura-pecuaria-atrai-produtores-rurais-de-varias-cidades\/#primaryimage"},"thumbnailUrl":"https:\/\/www.alcinopolis.ms.gov.br\/site\/wp-content\/uploads\/2023\/03\/Fotos-Simone-Nogueira-80.jpg","datePublished":"2023-03-10T20:38:52+00:00","dateModified":"2023-03-10T20:42:11+00:00","author":{"@id":"https:\/\/www.alcinopolis.ms.gov.br\/site\/#\/schema\/person\/f8a514dabf22ee16dd7f2585cc1b942b"},"breadcrumb":{"@id":"https:\/\/www.alcinopolis.ms.gov.br\/site\/dia-de-campo-integracao-lavoura-pecuaria-atrai-produtores-rurais-de-varias-cidades\/#breadcrumb"},"inLanguage":"pt-BR","potentialAction":[{"@type":"ReadAction","target":["https:\/\/www.alcinopolis.ms.gov.br\/site\/dia-de-campo-integracao-lavoura-pecuaria-atrai-produtores-rurais-de-varias-cidades\/"]}]},{"@type":"ImageObject","inLanguage":"pt-BR","@id":"https:\/\/www.alcinopolis.ms.gov.br\/site\/dia-de-campo-integracao-lavoura-pecuaria-atrai-produtores-rurais-de-varias-cidades\/#primaryimage","url":"https:\/\/www.alcinopolis.ms.gov.br\/site\/wp-content\/uploads\/2023\/03\/Fotos-Simone-Nogueira-80.jpg","contentUrl":"https:\/\/www.alcinopolis.ms.gov.br\/site\/wp-content\/uploads\/2023\/03\/Fotos-Simone-Nogueira-80.jpg","width":731,"height":487},{"@type":"BreadcrumbList","@id":"https:\/\/www.alcinopolis.ms.gov.br\/site\/dia-de-campo-integracao-lavoura-pecuaria-atrai-produtores-rurais-de-varias-cidades\/#breadcrumb","itemListElement":[{"@type":"ListItem","position":1,"name":"In\u00edcio","item":"https:\/\/www.alcinopolis.ms.gov.br\/site\/"},{"@type":"ListItem","position":2,"name":"Dia de Campo Integra\u00e7\u00e3o Lavoura-pecu\u00e1ria atrai produtores rurais de v\u00e1rias cidades"}]},{"@type":"WebSite","@id":"https:\/\/www.alcinopolis.ms.gov.br\/site\/#website","url":"https:\/\/www.alcinopolis.ms.gov.br\/site\/","name":"Prefeitura Municipal de Alcin\u00f3polis","description":"","potentialAction":[{"@type":"SearchAction","target":{"@type":"EntryPoint","urlTemplate":"https:\/\/www.alcinopolis.ms.gov.br\/site\/?s={search_term_string}"},"query-input":{"@type":"PropertyValueSpecification","valueRequired":true,"valueName":"search_term_string"}}],"inLanguage":"pt-BR"},{"@type":"Person","@id":"https:\/\/www.alcinopolis.ms.gov.br\/site\/#\/schema\/person\/f8a514dabf22ee16dd7f2585cc1b942b","name":"Prefeitura Municipal de Alcin\u00f3polis","image":{"@type":"ImageObject","inLanguage":"pt-BR","@id":"https:\/\/secure.gravatar.com\/avatar\/836e5a2475a3ed3d9f202f3e04d4564ec0a5445308c365f7e7f445f83a122282?s=96&d=mm&r=g","url":"https:\/\/secure.gravatar.com\/avatar\/836e5a2475a3ed3d9f202f3e04d4564ec0a5445308c365f7e7f445f83a122282?s=96&d=mm&r=g","contentUrl":"https:\/\/secure.gravatar.com\/avatar\/836e5a2475a3ed3d9f202f3e04d4564ec0a5445308c365f7e7f445f83a122282?s=96&d=mm&r=g","caption":"Prefeitura Municipal de Alcin\u00f3polis"},"url":"https:\/\/www.alcinopolis.ms.gov.br\/site\/author\/pma\/"}]}},"_links":{"self":[{"href":"https:\/\/www.alcinopolis.ms.gov.br\/site\/wp-json\/wp\/v2\/posts\/8874","targetHints":{"allow":["GET"]}}],"collection":[{"href":"https:\/\/www.alcinopolis.ms.gov.br\/site\/wp-json\/wp\/v2\/posts"}],"about":[{"href":"https:\/\/www.alcinopolis.ms.gov.br\/site\/wp-json\/wp\/v2\/types\/post"}],"author":[{"embeddable":true,"href":"https:\/\/www.alcinopolis.ms.gov.br\/site\/wp-json\/wp\/v2\/users\/8"}],"replies":[{"embeddable":true,"href":"https:\/\/www.alcinopolis.ms.gov.br\/site\/wp-json\/wp\/v2\/comments?post=8874"}],"version-history":[{"count":2,"href":"https:\/\/www.alcinopolis.ms.gov.br\/site\/wp-json\/wp\/v2\/posts\/8874\/revisions"}],"predecessor-version":[{"id":8882,"href":"https:\/\/www.alcinopolis.ms.gov.br\/site\/wp-json\/wp\/v2\/posts\/8874\/revisions\/8882"}],"wp:featuredmedia":[{"embeddable":true,"href":"https:\/\/www.alcinopolis.ms.gov.br\/site\/wp-json\/wp\/v2\/media\/8881"}],"wp:attachment":[{"href":"https:\/\/www.alcinopolis.ms.gov.br\/site\/wp-json\/wp\/v2\/media?parent=8874"}],"wp:term":[{"taxonomy":"category","embeddable":true,"href":"https:\/\/www.alcinopolis.ms.gov.br\/site\/wp-json\/wp\/v2\/categories?post=8874"},{"taxonomy":"post_tag","embeddable":true,"href":"https:\/\/www.alcinopolis.ms.gov.br\/site\/wp-json\/wp\/v2\/tags?post=8874"}],"curies":[{"name":"wp","href":"https:\/\/api.w.org\/{rel}","templated":true}]}}