{"id":16152,"date":"2026-08-20T08:27:17","date_gmt":"2026-08-20T12:27:17","guid":{"rendered":"https:\/\/www.alcinopolis.ms.gov.br\/site\/?p=16152"},"modified":"2026-08-20T08:28:35","modified_gmt":"2026-08-20T12:28:35","slug":"agosto-dourado-fortalece-cuidado-informacao-e-incentivo-a-amamentacao-em-alcinopolis","status":"publish","type":"post","link":"https:\/\/www.alcinopolis.ms.gov.br\/site\/agosto-dourado-fortalece-cuidado-informacao-e-incentivo-a-amamentacao-em-alcinopolis\/","title":{"rendered":"Agosto Dourado fortalece cuidado, informa\u00e7\u00e3o e incentivo \u00e0 amamenta\u00e7\u00e3o em Alcin\u00f3polis"},"content":{"rendered":"\n<h5 class=\"wp-block-heading\"><strong>Encontro reuniu gestantes e pu\u00e9rperas e refor\u00e7ou a import\u00e2ncia da amamenta\u00e7\u00e3o e dos cuidados na Primeira Inf\u00e2ncia<\/strong><\/h5>\n\n\n\n<figure class=\"wp-block-gallery has-nested-images columns-default is-cropped wp-block-gallery-1 is-layout-flex wp-block-gallery-is-layout-flex\">\n<figure class=\"wp-block-image size-large\"><img loading=\"lazy\" decoding=\"async\" width=\"768\" height=\"1024\" data-id=\"16153\" src=\"https:\/\/www.alcinopolis.ms.gov.br\/site\/wp-content\/uploads\/2026\/08\/WhatsApp-Image-2026-08-20-at-09.24.12-768x1024.jpeg\" alt=\"\" class=\"wp-image-16153\" srcset=\"https:\/\/www.alcinopolis.ms.gov.br\/site\/wp-content\/uploads\/2026\/08\/WhatsApp-Image-2026-08-20-at-09.24.12-768x1024.jpeg 768w, https:\/\/www.alcinopolis.ms.gov.br\/site\/wp-content\/uploads\/2026\/08\/WhatsApp-Image-2026-08-20-at-09.24.12-225x300.jpeg 225w, https:\/\/www.alcinopolis.ms.gov.br\/site\/wp-content\/uploads\/2026\/08\/WhatsApp-Image-2026-08-20-at-09.24.12.jpeg 960w\" sizes=\"auto, (max-width: 768px) 100vw, 768px\" \/><\/figure>\n<\/figure>\n\n\n\n<p>A Prefeitura de Alcin\u00f3polis, por meio da Secretaria Municipal de Sa\u00fade e da UBS Jo\u00e3o Ferreira de Andrade, realizou nesta quarta-feira, <strong>19 de agosto<\/strong>, uma a\u00e7\u00e3o especial em alus\u00e3o ao <strong>Agosto Dourado<\/strong>, m\u00eas dedicado \u00e0 conscientiza\u00e7\u00e3o, prote\u00e7\u00e3o e incentivo ao aleitamento materno.<\/p>\n\n\n\n<p>Com o tema <strong>\u201cAmamenta\u00e7\u00e3o para um come\u00e7o de vida sustent\u00e1vel: fortale\u00e7a o que funciona\u201d<\/strong>, o encontro reuniu gestantes e pu\u00e9rperas para uma tarde de acolhimento, informa\u00e7\u00e3o e troca de experi\u00eancias sobre a amamenta\u00e7\u00e3o e os cuidados com o beb\u00ea.<\/p>\n\n\n\n<p>A <strong>nutricionista Maria Camila<\/strong> conduziu a palestra, compartilhando orienta\u00e7\u00f5es sobre amamenta\u00e7\u00e3o, nutri\u00e7\u00e3o e cuidados importantes para um come\u00e7o de vida mais saud\u00e1vel.<\/p>\n\n\n\n<p>A iniciativa integra as a\u00e7\u00f5es de valoriza\u00e7\u00e3o da <strong>Primeira Inf\u00e2ncia<\/strong>, per\u00edodo que compreende os primeiros seis anos de vida e que exerce papel fundamental no desenvolvimento f\u00edsico, cognitivo, emocional e social da crian\u00e7a.<\/p>\n\n\n\n<p>Nesse contexto, Alcin\u00f3polis tamb\u00e9m desenvolve a\u00e7\u00f5es em conson\u00e2ncia com a <strong>Urban95<\/strong>, iniciativa que estimula cidades a considerarem as necessidades dos beb\u00eas, das crian\u00e7as pequenas e de seus cuidadores no planejamento e nas pol\u00edticas p\u00fablicas.<\/p>\n\n\n\n<p>A a\u00e7\u00e3o tamb\u00e9m fortaleceu o trabalho do <strong>Bem Nascer<\/strong>, ampliando o acolhimento e a aten\u00e7\u00e3o \u00e0s gestantes e fam\u00edlias desde antes do nascimento.<\/p>\n\n\n\n<p>O encontro foi encerrado com sorteio de brindes para gestantes e pu\u00e9rperas e um momento de confraterniza\u00e7\u00e3o.<\/p>\n\n\n\n<p>Mais do que incentivar a amamenta\u00e7\u00e3o, o <strong>Agosto Dourado<\/strong> refor\u00e7a uma mensagem essencial: cuidar desde a gesta\u00e7\u00e3o, fortalecer v\u00ednculos e oferecer informa\u00e7\u00e3o, prote\u00e7\u00e3o e acolhimento \u00e9 contribuir para um desenvolvimento mais saud\u00e1vel e para um futuro com mais oportunidades para nossas crian\u00e7as.<\/p>\n\n\n\n<p><strong>Prefeitura de Alcin\u00f3polis \u2014 Cuidando do presente, planejando o futuro.<\/strong><\/p>\n\n\n\n<h5 class=\"wp-block-heading\"><strong><em>Simone Nogueira<br>Assessoria de Comunica\u00e7\u00e3o \u2013 PMA<\/em><\/strong><\/h5>\n\n\n\n<figure class=\"wp-block-gallery has-nested-images columns-default is-cropped wp-block-gallery-2 is-layout-flex wp-block-gallery-is-layout-flex\">\n<figure class=\"wp-block-image size-large\"><img loading=\"lazy\" decoding=\"async\" width=\"1024\" height=\"768\" data-id=\"16158\" src=\"https:\/\/www.alcinopolis.ms.gov.br\/site\/wp-content\/uploads\/2026\/08\/WhatsApp-Image-2026-08-20-at-09.24.13-3-1024x768.jpeg\" alt=\"\" class=\"wp-image-16158\" srcset=\"https:\/\/www.alcinopolis.ms.gov.br\/site\/wp-content\/uploads\/2026\/08\/WhatsApp-Image-2026-08-20-at-09.24.13-3-1024x768.jpeg 1024w, https:\/\/www.alcinopolis.ms.gov.br\/site\/wp-content\/uploads\/2026\/08\/WhatsApp-Image-2026-08-20-at-09.24.13-3-300x225.jpeg 300w, https:\/\/www.alcinopolis.ms.gov.br\/site\/wp-content\/uploads\/2026\/08\/WhatsApp-Image-2026-08-20-at-09.24.13-3-768x576.jpeg 768w, https:\/\/www.alcinopolis.ms.gov.br\/site\/wp-content\/uploads\/2026\/08\/WhatsApp-Image-2026-08-20-at-09.24.13-3.jpeg 1280w\" sizes=\"auto, (max-width: 1024px) 100vw, 1024px\" \/><\/figure>\n\n\n\n<figure class=\"wp-block-image size-large\"><img loading=\"lazy\" decoding=\"async\" width=\"1024\" height=\"768\" data-id=\"16155\" src=\"https:\/\/www.alcinopolis.ms.gov.br\/site\/wp-content\/uploads\/2026\/08\/WhatsApp-Image-2026-08-20-at-09.24.13-2-1024x768.jpeg\" alt=\"\" class=\"wp-image-16155\" srcset=\"https:\/\/www.alcinopolis.ms.gov.br\/site\/wp-content\/uploads\/2026\/08\/WhatsApp-Image-2026-08-20-at-09.24.13-2-1024x768.jpeg 1024w, https:\/\/www.alcinopolis.ms.gov.br\/site\/wp-content\/uploads\/2026\/08\/WhatsApp-Image-2026-08-20-at-09.24.13-2-300x225.jpeg 300w, https:\/\/www.alcinopolis.ms.gov.br\/site\/wp-content\/uploads\/2026\/08\/WhatsApp-Image-2026-08-20-at-09.24.13-2-768x576.jpeg 768w, https:\/\/www.alcinopolis.ms.gov.br\/site\/wp-content\/uploads\/2026\/08\/WhatsApp-Image-2026-08-20-at-09.24.13-2.jpeg 1280w\" sizes=\"auto, (max-width: 1024px) 100vw, 1024px\" \/><\/figure>\n\n\n\n<figure class=\"wp-block-image size-large\"><img loading=\"lazy\" decoding=\"async\" width=\"1024\" height=\"768\" data-id=\"16159\" src=\"https:\/\/www.alcinopolis.ms.gov.br\/site\/wp-content\/uploads\/2026\/08\/WhatsApp-Image-2026-08-20-at-09.24.13-1-1024x768.jpeg\" alt=\"\" class=\"wp-image-16159\" srcset=\"https:\/\/www.alcinopolis.ms.gov.br\/site\/wp-content\/uploads\/2026\/08\/WhatsApp-Image-2026-08-20-at-09.24.13-1-1024x768.jpeg 1024w, https:\/\/www.alcinopolis.ms.gov.br\/site\/wp-content\/uploads\/2026\/08\/WhatsApp-Image-2026-08-20-at-09.24.13-1-300x225.jpeg 300w, https:\/\/www.alcinopolis.ms.gov.br\/site\/wp-content\/uploads\/2026\/08\/WhatsApp-Image-2026-08-20-at-09.24.13-1-768x576.jpeg 768w, https:\/\/www.alcinopolis.ms.gov.br\/site\/wp-content\/uploads\/2026\/08\/WhatsApp-Image-2026-08-20-at-09.24.13-1.jpeg 1280w\" sizes=\"auto, (max-width: 1024px) 100vw, 1024px\" \/><\/figure>\n\n\n\n<figure class=\"wp-block-image size-large\"><img loading=\"lazy\" decoding=\"async\" width=\"768\" height=\"1024\" data-id=\"16154\" src=\"https:\/\/www.alcinopolis.ms.gov.br\/site\/wp-content\/uploads\/2026\/08\/WhatsApp-Image-2026-08-20-at-09.24.13-768x1024.jpeg\" alt=\"\" class=\"wp-image-16154\" srcset=\"https:\/\/www.alcinopolis.ms.gov.br\/site\/wp-content\/uploads\/2026\/08\/WhatsApp-Image-2026-08-20-at-09.24.13-768x1024.jpeg 768w, https:\/\/www.alcinopolis.ms.gov.br\/site\/wp-content\/uploads\/2026\/08\/WhatsApp-Image-2026-08-20-at-09.24.13-225x300.jpeg 225w, https:\/\/www.alcinopolis.ms.gov.br\/site\/wp-content\/uploads\/2026\/08\/WhatsApp-Image-2026-08-20-at-09.24.13.jpeg 960w\" sizes=\"auto, (max-width: 768px) 100vw, 768px\" \/><\/figure>\n\n\n\n<figure class=\"wp-block-image size-large\"><img loading=\"lazy\" decoding=\"async\" width=\"768\" height=\"1024\" data-id=\"16156\" src=\"https:\/\/www.alcinopolis.ms.gov.br\/site\/wp-content\/uploads\/2026\/08\/WhatsApp-Image-2026-08-20-at-09.24.12-1-768x1024.jpeg\" alt=\"\" class=\"wp-image-16156\" srcset=\"https:\/\/www.alcinopolis.ms.gov.br\/site\/wp-content\/uploads\/2026\/08\/WhatsApp-Image-2026-08-20-at-09.24.12-1-768x1024.jpeg 768w, https:\/\/www.alcinopolis.ms.gov.br\/site\/wp-content\/uploads\/2026\/08\/WhatsApp-Image-2026-08-20-at-09.24.12-1-225x300.jpeg 225w, https:\/\/www.alcinopolis.ms.gov.br\/site\/wp-content\/uploads\/2026\/08\/WhatsApp-Image-2026-08-20-at-09.24.12-1.jpeg 960w\" sizes=\"auto, (max-width: 768px) 100vw, 768px\" \/><\/figure>\n\n\n\n<figure class=\"wp-block-image size-large\"><img loading=\"lazy\" decoding=\"async\" width=\"768\" height=\"1024\" data-id=\"16157\" src=\"https:\/\/www.alcinopolis.ms.gov.br\/site\/wp-content\/uploads\/2026\/08\/WhatsApp-Image-2026-08-20-at-09.24.12-2-768x1024.jpeg\" alt=\"\" class=\"wp-image-16157\" srcset=\"https:\/\/www.alcinopolis.ms.gov.br\/site\/wp-content\/uploads\/2026\/08\/WhatsApp-Image-2026-08-20-at-09.24.12-2-768x1024.jpeg 768w, https:\/\/www.alcinopolis.ms.gov.br\/site\/wp-content\/uploads\/2026\/08\/WhatsApp-Image-2026-08-20-at-09.24.12-2-225x300.jpeg 225w, https:\/\/www.alcinopolis.ms.gov.br\/site\/wp-content\/uploads\/2026\/08\/WhatsApp-Image-2026-08-20-at-09.24.12-2.jpeg 960w\" sizes=\"auto, (max-width: 768px) 100vw, 768px\" \/><\/figure>\n<\/figure>\n<!-- WP Attachments -->\r\n        <div style=\"width:100%;margin:10px 0 10px 0;\">\r\n            <h3>Anexo(s)<\/h3>\r\n        <ul class=\"post-attachments\"><li class=\"post-attachment mime-image-jpeg\"><a target=\"_blank\" rel=\"noopener noreferrer\" href=\"https:\/\/www.alcinopolis.ms.gov.br\/site\/wp-content\/uploads\/2026\/08\/WhatsApp-Image-2026-08-20-at-09.24.12.jpeg\">WhatsApp Image 2026-08-20 at 09.24.12<\/a> <small>(127 kB)<\/small><\/li><li class=\"post-attachment mime-image-jpeg\"><a target=\"_blank\" rel=\"noopener noreferrer\" href=\"https:\/\/www.alcinopolis.ms.gov.br\/site\/wp-content\/uploads\/2026\/08\/WhatsApp-Image-2026-08-20-at-09.24.13.jpeg\">WhatsApp Image 2026-08-20 at 09.24.13<\/a> <small>(104 kB)<\/small><\/li><li class=\"post-attachment mime-image-jpeg\"><a target=\"_blank\" rel=\"noopener noreferrer\" href=\"https:\/\/www.alcinopolis.ms.gov.br\/site\/wp-content\/uploads\/2026\/08\/WhatsApp-Image-2026-08-20-at-09.24.13-2.jpeg\">WhatsApp Image 2026-08-20 at 09.24.13 (2)<\/a> <small>(111 kB)<\/small><\/li><li class=\"post-attachment mime-image-jpeg\"><a target=\"_blank\" rel=\"noopener noreferrer\" href=\"https:\/\/www.alcinopolis.ms.gov.br\/site\/wp-content\/uploads\/2026\/08\/WhatsApp-Image-2026-08-20-at-09.24.12-1.jpeg\">WhatsApp Image 2026-08-20 at 09.24.12 (1)<\/a> <small>(115 kB)<\/small><\/li><li class=\"post-attachment mime-image-jpeg\"><a target=\"_blank\" rel=\"noopener noreferrer\" href=\"https:\/\/www.alcinopolis.ms.gov.br\/site\/wp-content\/uploads\/2026\/08\/WhatsApp-Image-2026-08-20-at-09.24.12-2.jpeg\">WhatsApp Image 2026-08-20 at 09.24.12<\/a> <small>(127 kB)<\/small><\/li><li class=\"post-attachment mime-image-jpeg\"><a target=\"_blank\" rel=\"noopener noreferrer\" href=\"https:\/\/www.alcinopolis.ms.gov.br\/site\/wp-content\/uploads\/2026\/08\/WhatsApp-Image-2026-08-20-at-09.24.13-3.jpeg\">WhatsApp Image 2026-08-20 at 09.24.13 (3)<\/a> <small>(244 kB)<\/small><\/li><li class=\"post-attachment mime-image-jpeg\"><a target=\"_blank\" rel=\"noopener noreferrer\" href=\"https:\/\/www.alcinopolis.ms.gov.br\/site\/wp-content\/uploads\/2026\/08\/WhatsApp-Image-2026-08-20-at-09.24.13-1.jpeg\">WhatsApp Image 2026-08-20 at 09.24.13 (1)<\/a> <small>(121 kB)<\/small><\/li><\/ul><\/div>","protected":false},"excerpt":{"rendered":"<p>Encontro reuniu gestantes e pu\u00e9rperas e refor\u00e7ou a import\u00e2ncia da amamenta\u00e7\u00e3o e dos cuidados na Primeira Inf\u00e2ncia A Prefeitura de Alcin\u00f3polis, por meio da Secretaria Municipal de Sa\u00fade e da [&hellip;]<\/p>\n","protected":false},"author":8,"featured_media":16158,"comment_status":"open","ping_status":"open","sticky":false,"template":"","format":"standard","meta":{"_acf_changed":false,"footnotes":""},"categories":[17,1],"tags":[],"class_list":["post-16152","post","type-post","status-publish","format-standard","has-post-thumbnail","hentry","category-destaque","category-sem-categoria"],"acf":[],"yoast_head":"<!-- This site is optimized with the Yoast SEO plugin v27.2 - https:\/\/yoast.com\/product\/yoast-seo-wordpress\/ -->\n<title>Agosto Dourado fortalece cuidado, informa\u00e7\u00e3o e incentivo \u00e0 amamenta\u00e7\u00e3o em Alcin\u00f3polis - Prefeitura Municipal de Alcin\u00f3polis<\/title>\n<meta name=\"robots\" content=\"index, follow, max-snippet:-1, max-image-preview:large, max-video-preview:-1\" \/>\n<link rel=\"canonical\" href=\"https:\/\/www.alcinopolis.ms.gov.br\/site\/agosto-dourado-fortalece-cuidado-informacao-e-incentivo-a-amamentacao-em-alcinopolis\/\" \/>\n<meta property=\"og:locale\" content=\"pt_BR\" \/>\n<meta property=\"og:type\" content=\"article\" \/>\n<meta property=\"og:title\" content=\"Agosto Dourado fortalece cuidado, informa\u00e7\u00e3o e incentivo \u00e0 amamenta\u00e7\u00e3o em Alcin\u00f3polis - Prefeitura Municipal de Alcin\u00f3polis\" \/>\n<meta property=\"og:description\" content=\"Encontro reuniu gestantes e pu\u00e9rperas e refor\u00e7ou a import\u00e2ncia da amamenta\u00e7\u00e3o e dos cuidados na Primeira Inf\u00e2ncia A Prefeitura de Alcin\u00f3polis, por meio da Secretaria Municipal de Sa\u00fade e da [&hellip;]\" \/>\n<meta property=\"og:url\" content=\"https:\/\/www.alcinopolis.ms.gov.br\/site\/agosto-dourado-fortalece-cuidado-informacao-e-incentivo-a-amamentacao-em-alcinopolis\/\" \/>\n<meta property=\"og:site_name\" content=\"Prefeitura Municipal de Alcin\u00f3polis\" \/>\n<meta property=\"article:published_time\" content=\"2026-08-20T12:27:17+00:00\" \/>\n<meta property=\"article:modified_time\" content=\"2026-08-20T12:28:35+00:00\" \/>\n<meta property=\"og:image\" content=\"https:\/\/www.alcinopolis.ms.gov.br\/site\/wp-content\/uploads\/2026\/08\/WhatsApp-Image-2026-08-20-at-09.24.13-3.jpeg\" \/>\n\t<meta property=\"og:image:width\" content=\"1280\" \/>\n\t<meta property=\"og:image:height\" content=\"960\" \/>\n\t<meta property=\"og:image:type\" content=\"image\/jpeg\" \/>\n<meta name=\"author\" content=\"Prefeitura Municipal de Alcin\u00f3polis\" \/>\n<meta name=\"twitter:card\" content=\"summary_large_image\" \/>\n<meta name=\"twitter:label1\" content=\"Escrito por\" \/>\n\t<meta name=\"twitter:data1\" content=\"Prefeitura Municipal de Alcin\u00f3polis\" \/>\n\t<meta name=\"twitter:label2\" content=\"Est. tempo de leitura\" \/>\n\t<meta name=\"twitter:data2\" content=\"4 minutos\" \/>\n<script type=\"application\/ld+json\" class=\"yoast-schema-graph\">{\"@context\":\"https:\/\/schema.org\",\"@graph\":[{\"@type\":\"Article\",\"@id\":\"https:\/\/www.alcinopolis.ms.gov.br\/site\/agosto-dourado-fortalece-cuidado-informacao-e-incentivo-a-amamentacao-em-alcinopolis\/#article\",\"isPartOf\":{\"@id\":\"https:\/\/www.alcinopolis.ms.gov.br\/site\/agosto-dourado-fortalece-cuidado-informacao-e-incentivo-a-amamentacao-em-alcinopolis\/\"},\"author\":{\"name\":\"Prefeitura Municipal de Alcin\u00f3polis\",\"@id\":\"https:\/\/www.alcinopolis.ms.gov.br\/site\/#\/schema\/person\/f8a514dabf22ee16dd7f2585cc1b942b\"},\"headline\":\"Agosto Dourado fortalece cuidado, informa\u00e7\u00e3o e incentivo \u00e0 amamenta\u00e7\u00e3o em Alcin\u00f3polis\",\"datePublished\":\"2026-08-20T12:27:17+00:00\",\"dateModified\":\"2026-08-20T12:28:35+00:00\",\"mainEntityOfPage\":{\"@id\":\"https:\/\/www.alcinopolis.ms.gov.br\/site\/agosto-dourado-fortalece-cuidado-informacao-e-incentivo-a-amamentacao-em-alcinopolis\/\"},\"wordCount\":349,\"commentCount\":0,\"image\":{\"@id\":\"https:\/\/www.alcinopolis.ms.gov.br\/site\/agosto-dourado-fortalece-cuidado-informacao-e-incentivo-a-amamentacao-em-alcinopolis\/#primaryimage\"},\"thumbnailUrl\":\"https:\/\/www.alcinopolis.ms.gov.br\/site\/wp-content\/uploads\/2026\/08\/WhatsApp-Image-2026-08-20-at-09.24.13-3.jpeg\",\"articleSection\":[\"Destaque\"],\"inLanguage\":\"pt-BR\",\"potentialAction\":[{\"@type\":\"CommentAction\",\"name\":\"Comment\",\"target\":[\"https:\/\/www.alcinopolis.ms.gov.br\/site\/agosto-dourado-fortalece-cuidado-informacao-e-incentivo-a-amamentacao-em-alcinopolis\/#respond\"]}]},{\"@type\":\"WebPage\",\"@id\":\"https:\/\/www.alcinopolis.ms.gov.br\/site\/agosto-dourado-fortalece-cuidado-informacao-e-incentivo-a-amamentacao-em-alcinopolis\/\",\"url\":\"https:\/\/www.alcinopolis.ms.gov.br\/site\/agosto-dourado-fortalece-cuidado-informacao-e-incentivo-a-amamentacao-em-alcinopolis\/\",\"name\":\"Agosto Dourado fortalece cuidado, informa\u00e7\u00e3o e incentivo \u00e0 amamenta\u00e7\u00e3o em Alcin\u00f3polis - Prefeitura Municipal de Alcin\u00f3polis\",\"isPartOf\":{\"@id\":\"https:\/\/www.alcinopolis.ms.gov.br\/site\/#website\"},\"primaryImageOfPage\":{\"@id\":\"https:\/\/www.alcinopolis.ms.gov.br\/site\/agosto-dourado-fortalece-cuidado-informacao-e-incentivo-a-amamentacao-em-alcinopolis\/#primaryimage\"},\"image\":{\"@id\":\"https:\/\/www.alcinopolis.ms.gov.br\/site\/agosto-dourado-fortalece-cuidado-informacao-e-incentivo-a-amamentacao-em-alcinopolis\/#primaryimage\"},\"thumbnailUrl\":\"https:\/\/www.alcinopolis.ms.gov.br\/site\/wp-content\/uploads\/2026\/08\/WhatsApp-Image-2026-08-20-at-09.24.13-3.jpeg\",\"datePublished\":\"2026-08-20T12:27:17+00:00\",\"dateModified\":\"2026-08-20T12:28:35+00:00\",\"author\":{\"@id\":\"https:\/\/www.alcinopolis.ms.gov.br\/site\/#\/schema\/person\/f8a514dabf22ee16dd7f2585cc1b942b\"},\"breadcrumb\":{\"@id\":\"https:\/\/www.alcinopolis.ms.gov.br\/site\/agosto-dourado-fortalece-cuidado-informacao-e-incentivo-a-amamentacao-em-alcinopolis\/#breadcrumb\"},\"inLanguage\":\"pt-BR\",\"potentialAction\":[{\"@type\":\"ReadAction\",\"target\":[\"https:\/\/www.alcinopolis.ms.gov.br\/site\/agosto-dourado-fortalece-cuidado-informacao-e-incentivo-a-amamentacao-em-alcinopolis\/\"]}]},{\"@type\":\"ImageObject\",\"inLanguage\":\"pt-BR\",\"@id\":\"https:\/\/www.alcinopolis.ms.gov.br\/site\/agosto-dourado-fortalece-cuidado-informacao-e-incentivo-a-amamentacao-em-alcinopolis\/#primaryimage\",\"url\":\"https:\/\/www.alcinopolis.ms.gov.br\/site\/wp-content\/uploads\/2026\/08\/WhatsApp-Image-2026-08-20-at-09.24.13-3.jpeg\",\"contentUrl\":\"https:\/\/www.alcinopolis.ms.gov.br\/site\/wp-content\/uploads\/2026\/08\/WhatsApp-Image-2026-08-20-at-09.24.13-3.jpeg\",\"width\":1280,\"height\":960},{\"@type\":\"BreadcrumbList\",\"@id\":\"https:\/\/www.alcinopolis.ms.gov.br\/site\/agosto-dourado-fortalece-cuidado-informacao-e-incentivo-a-amamentacao-em-alcinopolis\/#breadcrumb\",\"itemListElement\":[{\"@type\":\"ListItem\",\"position\":1,\"name\":\"In\u00edcio\",\"item\":\"https:\/\/www.alcinopolis.ms.gov.br\/site\/\"},{\"@type\":\"ListItem\",\"position\":2,\"name\":\"Agosto Dourado fortalece cuidado, informa\u00e7\u00e3o e incentivo \u00e0 amamenta\u00e7\u00e3o em Alcin\u00f3polis\"}]},{\"@type\":\"WebSite\",\"@id\":\"https:\/\/www.alcinopolis.ms.gov.br\/site\/#website\",\"url\":\"https:\/\/www.alcinopolis.ms.gov.br\/site\/\",\"name\":\"Prefeitura Municipal de Alcin\u00f3polis\",\"description\":\"\",\"potentialAction\":[{\"@type\":\"SearchAction\",\"target\":{\"@type\":\"EntryPoint\",\"urlTemplate\":\"https:\/\/www.alcinopolis.ms.gov.br\/site\/?s={search_term_string}\"},\"query-input\":{\"@type\":\"PropertyValueSpecification\",\"valueRequired\":true,\"valueName\":\"search_term_string\"}}],\"inLanguage\":\"pt-BR\"},{\"@type\":\"Person\",\"@id\":\"https:\/\/www.alcinopolis.ms.gov.br\/site\/#\/schema\/person\/f8a514dabf22ee16dd7f2585cc1b942b\",\"name\":\"Prefeitura Municipal de Alcin\u00f3polis\",\"image\":{\"@type\":\"ImageObject\",\"inLanguage\":\"pt-BR\",\"@id\":\"https:\/\/secure.gravatar.com\/avatar\/836e5a2475a3ed3d9f202f3e04d4564ec0a5445308c365f7e7f445f83a122282?s=96&d=mm&r=g\",\"url\":\"https:\/\/secure.gravatar.com\/avatar\/836e5a2475a3ed3d9f202f3e04d4564ec0a5445308c365f7e7f445f83a122282?s=96&d=mm&r=g\",\"contentUrl\":\"https:\/\/secure.gravatar.com\/avatar\/836e5a2475a3ed3d9f202f3e04d4564ec0a5445308c365f7e7f445f83a122282?s=96&d=mm&r=g\",\"caption\":\"Prefeitura Municipal de Alcin\u00f3polis\"},\"url\":\"https:\/\/www.alcinopolis.ms.gov.br\/site\/author\/pma\/\"}]}<\/script>\n<!-- \/ Yoast SEO plugin. -->","yoast_head_json":{"title":"Agosto Dourado fortalece cuidado, informa\u00e7\u00e3o e incentivo \u00e0 amamenta\u00e7\u00e3o em Alcin\u00f3polis - Prefeitura Municipal de Alcin\u00f3polis","robots":{"index":"index","follow":"follow","max-snippet":"max-snippet:-1","max-image-preview":"max-image-preview:large","max-video-preview":"max-video-preview:-1"},"canonical":"https:\/\/www.alcinopolis.ms.gov.br\/site\/agosto-dourado-fortalece-cuidado-informacao-e-incentivo-a-amamentacao-em-alcinopolis\/","og_locale":"pt_BR","og_type":"article","og_title":"Agosto Dourado fortalece cuidado, informa\u00e7\u00e3o e incentivo \u00e0 amamenta\u00e7\u00e3o em Alcin\u00f3polis - Prefeitura Municipal de Alcin\u00f3polis","og_description":"Encontro reuniu gestantes e pu\u00e9rperas e refor\u00e7ou a import\u00e2ncia da amamenta\u00e7\u00e3o e dos cuidados na Primeira Inf\u00e2ncia A Prefeitura de Alcin\u00f3polis, por meio da Secretaria Municipal de Sa\u00fade e da [&hellip;]","og_url":"https:\/\/www.alcinopolis.ms.gov.br\/site\/agosto-dourado-fortalece-cuidado-informacao-e-incentivo-a-amamentacao-em-alcinopolis\/","og_site_name":"Prefeitura Municipal de Alcin\u00f3polis","article_published_time":"2026-08-20T12:27:17+00:00","article_modified_time":"2026-08-20T12:28:35+00:00","og_image":[{"width":1280,"height":960,"url":"https:\/\/www.alcinopolis.ms.gov.br\/site\/wp-content\/uploads\/2026\/08\/WhatsApp-Image-2026-08-20-at-09.24.13-3.jpeg","type":"image\/jpeg"}],"author":"Prefeitura Municipal de Alcin\u00f3polis","twitter_card":"summary_large_image","twitter_misc":{"Escrito por":"Prefeitura Municipal de Alcin\u00f3polis","Est. tempo de leitura":"4 minutos"},"schema":{"@context":"https:\/\/schema.org","@graph":[{"@type":"Article","@id":"https:\/\/www.alcinopolis.ms.gov.br\/site\/agosto-dourado-fortalece-cuidado-informacao-e-incentivo-a-amamentacao-em-alcinopolis\/#article","isPartOf":{"@id":"https:\/\/www.alcinopolis.ms.gov.br\/site\/agosto-dourado-fortalece-cuidado-informacao-e-incentivo-a-amamentacao-em-alcinopolis\/"},"author":{"name":"Prefeitura Municipal de Alcin\u00f3polis","@id":"https:\/\/www.alcinopolis.ms.gov.br\/site\/#\/schema\/person\/f8a514dabf22ee16dd7f2585cc1b942b"},"headline":"Agosto Dourado fortalece cuidado, informa\u00e7\u00e3o e incentivo \u00e0 amamenta\u00e7\u00e3o em Alcin\u00f3polis","datePublished":"2026-08-20T12:27:17+00:00","dateModified":"2026-08-20T12:28:35+00:00","mainEntityOfPage":{"@id":"https:\/\/www.alcinopolis.ms.gov.br\/site\/agosto-dourado-fortalece-cuidado-informacao-e-incentivo-a-amamentacao-em-alcinopolis\/"},"wordCount":349,"commentCount":0,"image":{"@id":"https:\/\/www.alcinopolis.ms.gov.br\/site\/agosto-dourado-fortalece-cuidado-informacao-e-incentivo-a-amamentacao-em-alcinopolis\/#primaryimage"},"thumbnailUrl":"https:\/\/www.alcinopolis.ms.gov.br\/site\/wp-content\/uploads\/2026\/08\/WhatsApp-Image-2026-08-20-at-09.24.13-3.jpeg","articleSection":["Destaque"],"inLanguage":"pt-BR","potentialAction":[{"@type":"CommentAction","name":"Comment","target":["https:\/\/www.alcinopolis.ms.gov.br\/site\/agosto-dourado-fortalece-cuidado-informacao-e-incentivo-a-amamentacao-em-alcinopolis\/#respond"]}]},{"@type":"WebPage","@id":"https:\/\/www.alcinopolis.ms.gov.br\/site\/agosto-dourado-fortalece-cuidado-informacao-e-incentivo-a-amamentacao-em-alcinopolis\/","url":"https:\/\/www.alcinopolis.ms.gov.br\/site\/agosto-dourado-fortalece-cuidado-informacao-e-incentivo-a-amamentacao-em-alcinopolis\/","name":"Agosto Dourado fortalece cuidado, informa\u00e7\u00e3o e incentivo \u00e0 amamenta\u00e7\u00e3o em Alcin\u00f3polis - Prefeitura Municipal de Alcin\u00f3polis","isPartOf":{"@id":"https:\/\/www.alcinopolis.ms.gov.br\/site\/#website"},"primaryImageOfPage":{"@id":"https:\/\/www.alcinopolis.ms.gov.br\/site\/agosto-dourado-fortalece-cuidado-informacao-e-incentivo-a-amamentacao-em-alcinopolis\/#primaryimage"},"image":{"@id":"https:\/\/www.alcinopolis.ms.gov.br\/site\/agosto-dourado-fortalece-cuidado-informacao-e-incentivo-a-amamentacao-em-alcinopolis\/#primaryimage"},"thumbnailUrl":"https:\/\/www.alcinopolis.ms.gov.br\/site\/wp-content\/uploads\/2026\/08\/WhatsApp-Image-2026-08-20-at-09.24.13-3.jpeg","datePublished":"2026-08-20T12:27:17+00:00","dateModified":"2026-08-20T12:28:35+00:00","author":{"@id":"https:\/\/www.alcinopolis.ms.gov.br\/site\/#\/schema\/person\/f8a514dabf22ee16dd7f2585cc1b942b"},"breadcrumb":{"@id":"https:\/\/www.alcinopolis.ms.gov.br\/site\/agosto-dourado-fortalece-cuidado-informacao-e-incentivo-a-amamentacao-em-alcinopolis\/#breadcrumb"},"inLanguage":"pt-BR","potentialAction":[{"@type":"ReadAction","target":["https:\/\/www.alcinopolis.ms.gov.br\/site\/agosto-dourado-fortalece-cuidado-informacao-e-incentivo-a-amamentacao-em-alcinopolis\/"]}]},{"@type":"ImageObject","inLanguage":"pt-BR","@id":"https:\/\/www.alcinopolis.ms.gov.br\/site\/agosto-dourado-fortalece-cuidado-informacao-e-incentivo-a-amamentacao-em-alcinopolis\/#primaryimage","url":"https:\/\/www.alcinopolis.ms.gov.br\/site\/wp-content\/uploads\/2026\/08\/WhatsApp-Image-2026-08-20-at-09.24.13-3.jpeg","contentUrl":"https:\/\/www.alcinopolis.ms.gov.br\/site\/wp-content\/uploads\/2026\/08\/WhatsApp-Image-2026-08-20-at-09.24.13-3.jpeg","width":1280,"height":960},{"@type":"BreadcrumbList","@id":"https:\/\/www.alcinopolis.ms.gov.br\/site\/agosto-dourado-fortalece-cuidado-informacao-e-incentivo-a-amamentacao-em-alcinopolis\/#breadcrumb","itemListElement":[{"@type":"ListItem","position":1,"name":"In\u00edcio","item":"https:\/\/www.alcinopolis.ms.gov.br\/site\/"},{"@type":"ListItem","position":2,"name":"Agosto Dourado fortalece cuidado, informa\u00e7\u00e3o e incentivo \u00e0 amamenta\u00e7\u00e3o em Alcin\u00f3polis"}]},{"@type":"WebSite","@id":"https:\/\/www.alcinopolis.ms.gov.br\/site\/#website","url":"https:\/\/www.alcinopolis.ms.gov.br\/site\/","name":"Prefeitura Municipal de Alcin\u00f3polis","description":"","potentialAction":[{"@type":"SearchAction","target":{"@type":"EntryPoint","urlTemplate":"https:\/\/www.alcinopolis.ms.gov.br\/site\/?s={search_term_string}"},"query-input":{"@type":"PropertyValueSpecification","valueRequired":true,"valueName":"search_term_string"}}],"inLanguage":"pt-BR"},{"@type":"Person","@id":"https:\/\/www.alcinopolis.ms.gov.br\/site\/#\/schema\/person\/f8a514dabf22ee16dd7f2585cc1b942b","name":"Prefeitura Municipal de Alcin\u00f3polis","image":{"@type":"ImageObject","inLanguage":"pt-BR","@id":"https:\/\/secure.gravatar.com\/avatar\/836e5a2475a3ed3d9f202f3e04d4564ec0a5445308c365f7e7f445f83a122282?s=96&d=mm&r=g","url":"https:\/\/secure.gravatar.com\/avatar\/836e5a2475a3ed3d9f202f3e04d4564ec0a5445308c365f7e7f445f83a122282?s=96&d=mm&r=g","contentUrl":"https:\/\/secure.gravatar.com\/avatar\/836e5a2475a3ed3d9f202f3e04d4564ec0a5445308c365f7e7f445f83a122282?s=96&d=mm&r=g","caption":"Prefeitura Municipal de Alcin\u00f3polis"},"url":"https:\/\/www.alcinopolis.ms.gov.br\/site\/author\/pma\/"}]}},"_links":{"self":[{"href":"https:\/\/www.alcinopolis.ms.gov.br\/site\/wp-json\/wp\/v2\/posts\/16152","targetHints":{"allow":["GET"]}}],"collection":[{"href":"https:\/\/www.alcinopolis.ms.gov.br\/site\/wp-json\/wp\/v2\/posts"}],"about":[{"href":"https:\/\/www.alcinopolis.ms.gov.br\/site\/wp-json\/wp\/v2\/types\/post"}],"author":[{"embeddable":true,"href":"https:\/\/www.alcinopolis.ms.gov.br\/site\/wp-json\/wp\/v2\/users\/8"}],"replies":[{"embeddable":true,"href":"https:\/\/www.alcinopolis.ms.gov.br\/site\/wp-json\/wp\/v2\/comments?post=16152"}],"version-history":[{"count":1,"href":"https:\/\/www.alcinopolis.ms.gov.br\/site\/wp-json\/wp\/v2\/posts\/16152\/revisions"}],"predecessor-version":[{"id":16160,"href":"https:\/\/www.alcinopolis.ms.gov.br\/site\/wp-json\/wp\/v2\/posts\/16152\/revisions\/16160"}],"wp:featuredmedia":[{"embeddable":true,"href":"https:\/\/www.alcinopolis.ms.gov.br\/site\/wp-json\/wp\/v2\/media\/16158"}],"wp:attachment":[{"href":"https:\/\/www.alcinopolis.ms.gov.br\/site\/wp-json\/wp\/v2\/media?parent=16152"}],"wp:term":[{"taxonomy":"category","embeddable":true,"href":"https:\/\/www.alcinopolis.ms.gov.br\/site\/wp-json\/wp\/v2\/categories?post=16152"},{"taxonomy":"post_tag","embeddable":true,"href":"https:\/\/www.alcinopolis.ms.gov.br\/site\/wp-json\/wp\/v2\/tags?post=16152"}],"curies":[{"name":"wp","href":"https:\/\/api.w.org\/{rel}","templated":true}]}}